{"id":104284,"date":"2022-03-16T11:36:02","date_gmt":"2022-03-16T10:36:02","guid":{"rendered":"https:\/\/www.radiobeton.com\/www\/?p=104284"},"modified":"2022-03-16T11:36:02","modified_gmt":"2022-03-16T10:36:02","slug":"atelier-radio-beton-les-jeunes-de-lespace-jeunes-de-veretz-vous-parlent-de-sons","status":"publish","type":"post","link":"https:\/\/www.radiobeton.com\/www\/atelier-radio-beton-les-jeunes-de-lespace-jeunes-de-veretz-vous-parlent-de-sons\/","title":{"rendered":"[Atelier Radio B\u00e9ton] Les jeunes de l&rsquo;Espace Jeunes de V\u00e9retz vous parlent de sons !"},"content":{"rendered":"<p>Pendant les vacances de F\u00e9vrier, 5 jeunes de l&rsquo;Espace Jeune Sud-Cher,\u00e0 V\u00e9retz, Sidra, Widji, L\u00e9onie, Anthonin et Timoth\u00e9, ont d\u00e9cid\u00e9 de r\u00e9aliser une \u00e9mission de radio autour des sons. Ceux qu&rsquo;iels aiment, ceux qu&rsquo;iels d\u00e9testent. Iels ont eu 3 s\u00e9ances de 6 heures pour r\u00e9fl\u00e9chir \u00e0 la mani\u00e8re dont ils vont en parler, et les enregistrer.<\/p>\n\n\n<figure class=\"wp-block-embed-mixcloud wp-block-embed is-type-rich is-provider-mixcloud wp-embed-aspect-21-9 wp-has-aspect-ratio\"><div class=\"wp-block-embed__wrapper\">\n<iframe loading=\"lazy\" title=\"[Atelier Radio B\u00e9ton] Les Jeunes De L&#039;Espace Jeunes De V\u00e9retz Vous Parlent De Sons !\" width=\"100%\" height=\"120\" src=\"https:\/\/www.mixcloud.com\/widget\/iframe\/?feed=https%3A%2F%2Fwww.mixcloud.com%2FBeton%2Fatelier-radio-b%25C3%25A9ton-les-jeunes-de-lespace-jeunes-de-v%25C3%25A9retz-vous-parlent-de-sons%2F&amp;hide_cover=1\" frameborder=\"0\"><\/iframe>\n<\/div><\/figure>\n","protected":false},"excerpt":{"rendered":"<p>Pendant les vacances de F\u00e9vrier, 5 jeunes de l&rsquo;Espace Jeune Sud-Cher,\u00e0 V\u00e9retz, Sidra, Widji, L\u00e9onie, Anthonin et Timoth\u00e9, ont d\u00e9cid\u00e9 de r\u00e9aliser une \u00e9mission de radio autour des sons. Ceux qu&rsquo;iels aiment, ceux qu&rsquo;iels d\u00e9testent. Iels ont eu 3 s\u00e9ances de 6 heures pour r\u00e9fl\u00e9chir \u00e0 la mani\u00e8re dont ils vont en parler, et les &hellip; <a href=\"https:\/\/www.radiobeton.com\/www\/atelier-radio-beton-les-jeunes-de-lespace-jeunes-de-veretz-vous-parlent-de-sons\/\" class=\"more-link\">Continuer la lecture<span class=\"screen-reader-text\"> de &laquo;&nbsp;[Atelier Radio B\u00e9ton] Les jeunes de l&rsquo;Espace Jeunes de V\u00e9retz vous parlent de sons !&nbsp;&raquo;<\/span><\/a><\/p>\n","protected":false},"author":27,"featured_media":0,"comment_status":"closed","ping_status":"closed","sticky":false,"template":"","format":"standard","meta":{"footnotes":""},"categories":[1013,256],"tags":[],"class_list":["post-104284","post","type-post","status-publish","format-standard","hentry","category-ateliers","category-studio-mobile"],"_links":{"self":[{"href":"https:\/\/www.radiobeton.com\/www\/wp-json\/wp\/v2\/posts\/104284","targetHints":{"allow":["GET"]}}],"collection":[{"href":"https:\/\/www.radiobeton.com\/www\/wp-json\/wp\/v2\/posts"}],"about":[{"href":"https:\/\/www.radiobeton.com\/www\/wp-json\/wp\/v2\/types\/post"}],"author":[{"embeddable":true,"href":"https:\/\/www.radiobeton.com\/www\/wp-json\/wp\/v2\/users\/27"}],"replies":[{"embeddable":true,"href":"https:\/\/www.radiobeton.com\/www\/wp-json\/wp\/v2\/comments?post=104284"}],"version-history":[{"count":4,"href":"https:\/\/www.radiobeton.com\/www\/wp-json\/wp\/v2\/posts\/104284\/revisions"}],"predecessor-version":[{"id":104413,"href":"https:\/\/www.radiobeton.com\/www\/wp-json\/wp\/v2\/posts\/104284\/revisions\/104413"}],"wp:attachment":[{"href":"https:\/\/www.radiobeton.com\/www\/wp-json\/wp\/v2\/media?parent=104284"}],"wp:term":[{"taxonomy":"category","embeddable":true,"href":"https:\/\/www.radiobeton.com\/www\/wp-json\/wp\/v2\/categories?post=104284"},{"taxonomy":"post_tag","embeddable":true,"href":"https:\/\/www.radiobeton.com\/www\/wp-json\/wp\/v2\/tags?post=104284"}],"curies":[{"name":"wp","href":"https:\/\/api.w.org\/{rel}","templated":true}]}}