{"id":107316,"date":"2022-06-23T17:35:09","date_gmt":"2022-06-23T15:35:09","guid":{"rendered":"https:\/\/www.radiobeton.com\/www\/?p=107316"},"modified":"2022-06-23T17:35:11","modified_gmt":"2022-06-23T15:35:11","slug":"atelier-radio-beton-confluence-fm-episode-3-quartiers-dete","status":"publish","type":"post","link":"https:\/\/www.radiobeton.com\/www\/atelier-radio-beton-confluence-fm-episode-3-quartiers-dete\/","title":{"rendered":"[ATELIER RADIO B\u00c9TON] Confluence FM &#8211; \u00e9pisode 3 : Quartiers d&rsquo;\u00e9t\u00e9"},"content":{"rendered":"<p>Confluence FM, c\u2019est l\u2019\u00e9mission des r\u00e9sidents et r\u00e9sidentes du FAM La Confluence, \u00e0 Saint Cyr Sur Loire. Vous avez d\u00e9j\u00e0 pu entendre deux de ces \u00e9pisodes pr\u00e9c\u00e9demment sur Radio B\u00e9ton. Le Studio mobile et ces ateliers radiophonique a de nouveau \u00e9t\u00e9 sur place pour une troisi\u00e8me \u00e9mission avec les r\u00e9sident et r\u00e9sidentes, autour du festival Quartier d\u2019\u00e9t\u00e9, organis\u00e9 par la ville de Saint-Cyr-Sur-Loire. L\u2019occasion d\u2019interviewer les artistes qui s\u2019y produisaient, mais aussi l\u2019\u00e9quipe de l\u2019organisation du festival.<\/p>\n<p>Un grand merci \u00e0 Gu\u00e9nol\u00e9, Gwena\u00eblle, Delphine du FAM, \u00e0 Catherine Roussel et Benjamin Lecoq de la mairie de Saint-Cyr sur Loire, et un grand bravo \u00e0 Claudine, Denis, Laurent, C\u00e9dric et Claude pour cette \u00e9mission. Et notez bien que la seconde \u00e9dition du festival quartier d\u2019\u00e9t\u00e9 de Saint-Cyr-sur-Loire aura lieu le samedi 2 juillet 2022, au carr\u00e9 vert et au jardin Charles Perrault.<\/p>\n","protected":false},"excerpt":{"rendered":"<p>Confluence FM, c\u2019est l\u2019\u00e9mission des r\u00e9sidents et r\u00e9sidentes du FAM La Confluence, \u00e0 Saint Cyr Sur Loire. Vous avez d\u00e9j\u00e0 pu entendre deux de ces \u00e9pisodes pr\u00e9c\u00e9demment sur Radio B\u00e9ton. Le Studio mobile et ces ateliers radiophonique a de nouveau \u00e9t\u00e9 sur place pour une troisi\u00e8me \u00e9mission avec les r\u00e9sident et r\u00e9sidentes, autour du festival &hellip; <a href=\"https:\/\/www.radiobeton.com\/www\/atelier-radio-beton-confluence-fm-episode-3-quartiers-dete\/\" class=\"more-link\">Continuer la lecture<span class=\"screen-reader-text\"> de &laquo;&nbsp;[ATELIER RADIO B\u00c9TON] Confluence FM &#8211; \u00e9pisode 3 : Quartiers d&rsquo;\u00e9t\u00e9&nbsp;&raquo;<\/span><\/a><\/p>\n","protected":false},"author":27,"featured_media":105426,"comment_status":"closed","ping_status":"closed","sticky":false,"template":"","format":"standard","meta":{"footnotes":""},"categories":[1013,256],"tags":[],"class_list":["post-107316","post","type-post","status-publish","format-standard","has-post-thumbnail","hentry","category-ateliers","category-studio-mobile"],"_links":{"self":[{"href":"https:\/\/www.radiobeton.com\/www\/wp-json\/wp\/v2\/posts\/107316","targetHints":{"allow":["GET"]}}],"collection":[{"href":"https:\/\/www.radiobeton.com\/www\/wp-json\/wp\/v2\/posts"}],"about":[{"href":"https:\/\/www.radiobeton.com\/www\/wp-json\/wp\/v2\/types\/post"}],"author":[{"embeddable":true,"href":"https:\/\/www.radiobeton.com\/www\/wp-json\/wp\/v2\/users\/27"}],"replies":[{"embeddable":true,"href":"https:\/\/www.radiobeton.com\/www\/wp-json\/wp\/v2\/comments?post=107316"}],"version-history":[{"count":1,"href":"https:\/\/www.radiobeton.com\/www\/wp-json\/wp\/v2\/posts\/107316\/revisions"}],"predecessor-version":[{"id":107317,"href":"https:\/\/www.radiobeton.com\/www\/wp-json\/wp\/v2\/posts\/107316\/revisions\/107317"}],"wp:featuredmedia":[{"embeddable":true,"href":"https:\/\/www.radiobeton.com\/www\/wp-json\/wp\/v2\/media\/105426"}],"wp:attachment":[{"href":"https:\/\/www.radiobeton.com\/www\/wp-json\/wp\/v2\/media?parent=107316"}],"wp:term":[{"taxonomy":"category","embeddable":true,"href":"https:\/\/www.radiobeton.com\/www\/wp-json\/wp\/v2\/categories?post=107316"},{"taxonomy":"post_tag","embeddable":true,"href":"https:\/\/www.radiobeton.com\/www\/wp-json\/wp\/v2\/tags?post=107316"}],"curies":[{"name":"wp","href":"https:\/\/api.w.org\/{rel}","templated":true}]}}