{"id":108721,"date":"2022-08-19T13:19:17","date_gmt":"2022-08-19T11:19:17","guid":{"rendered":"https:\/\/www.radiobeton.com\/www\/?p=108721"},"modified":"2022-10-25T10:25:14","modified_gmt":"2022-10-25T08:25:14","slug":"marche-de-leon-2022-appel-a-candidatures","status":"publish","type":"post","link":"https:\/\/www.radiobeton.com\/www\/marche-de-leon-2022-appel-a-candidatures\/","title":{"rendered":"March\u00e9 de L\u00ebon 2022 : appel \u00e0 candidatures"},"content":{"rendered":"<p>Vous voulez une bonne nouvelle ? <strong>Le march\u00e9 de L\u00ebon <\/strong>revient en d\u00e9cembre 2022 !<\/p>\n<p>Il aura lieu cette ann\u00e9e les <strong>17 et 18 d\u00e9cembre<\/strong>. Alors, cr\u00e9atrices, cr\u00e9ateurs, nous faisons une fois de plus appel \u00e0 vous.<\/p>\n<p>Vous souhaitez participer \u00e0 la magie de L\u00ebon ? Tout est l\u00e0 : t\u00e9l\u00e9chargez, remplissez et renvoyez-nous la fiche de candidature et les pi\u00e8ces list\u00e9es dans celle-ci \u00e0 <a href=\"mailto:marchedeleon@radiobeton.com\">marchedeleon@radiobeton.com<\/a> avant le <strong>25 septembre 2022<\/strong>.<\/p>\n<p>Si vous avez des questions, nous y r\u00e9pondrons \u00e0 partir du 1er septembre parce que l\u00e0, c&rsquo;est les vacances.<\/p>\n<p>\u00c0 bient\u00f4t !<\/p>\n<p>T\u00e9l\u00e9charger la fiche de candidature aux formats <a href=\"https:\/\/aucard-tours.com\/wp-content\/uploads\/2022\/07\/Marche%CC%81-de-Le%CC%81on-FICHE-CANDIDATURE-2022.doc\">Word<\/a> ou <a href=\"https:\/\/aucard-tours.com\/wp-content\/uploads\/2022\/07\/Marche%CC%81-de-Le%CC%81on-FICHE-CANDIDATURE-2022.pdf\">PDF<\/a>.<\/p>\n","protected":false},"excerpt":{"rendered":"<p>Vous voulez une bonne nouvelle ? Le march\u00e9 de L\u00ebon revient en d\u00e9cembre 2022 ! Il aura lieu cette ann\u00e9e les 17 et 18 d\u00e9cembre. Alors, cr\u00e9atrices, cr\u00e9ateurs, nous faisons une fois de plus appel \u00e0 vous. Vous souhaitez participer \u00e0 la magie de L\u00ebon ? Tout est l\u00e0 : t\u00e9l\u00e9chargez, remplissez et renvoyez-nous la &hellip; <a href=\"https:\/\/www.radiobeton.com\/www\/marche-de-leon-2022-appel-a-candidatures\/\" class=\"more-link\">Continuer la lecture<span class=\"screen-reader-text\"> de &laquo;&nbsp;March\u00e9 de L\u00ebon 2022 : appel \u00e0 candidatures&nbsp;&raquo;<\/span><\/a><\/p>\n","protected":false},"author":4,"featured_media":97900,"comment_status":"closed","ping_status":"closed","sticky":false,"template":"","format":"standard","meta":{"footnotes":""},"categories":[1440],"tags":[],"class_list":["post-108721","post","type-post","status-publish","format-standard","has-post-thumbnail","hentry","category-marche-de-leon-by-beton"],"_links":{"self":[{"href":"https:\/\/www.radiobeton.com\/www\/wp-json\/wp\/v2\/posts\/108721","targetHints":{"allow":["GET"]}}],"collection":[{"href":"https:\/\/www.radiobeton.com\/www\/wp-json\/wp\/v2\/posts"}],"about":[{"href":"https:\/\/www.radiobeton.com\/www\/wp-json\/wp\/v2\/types\/post"}],"author":[{"embeddable":true,"href":"https:\/\/www.radiobeton.com\/www\/wp-json\/wp\/v2\/users\/4"}],"replies":[{"embeddable":true,"href":"https:\/\/www.radiobeton.com\/www\/wp-json\/wp\/v2\/comments?post=108721"}],"version-history":[{"count":1,"href":"https:\/\/www.radiobeton.com\/www\/wp-json\/wp\/v2\/posts\/108721\/revisions"}],"predecessor-version":[{"id":108722,"href":"https:\/\/www.radiobeton.com\/www\/wp-json\/wp\/v2\/posts\/108721\/revisions\/108722"}],"wp:featuredmedia":[{"embeddable":true,"href":"https:\/\/www.radiobeton.com\/www\/wp-json\/wp\/v2\/media\/97900"}],"wp:attachment":[{"href":"https:\/\/www.radiobeton.com\/www\/wp-json\/wp\/v2\/media?parent=108721"}],"wp:term":[{"taxonomy":"category","embeddable":true,"href":"https:\/\/www.radiobeton.com\/www\/wp-json\/wp\/v2\/categories?post=108721"},{"taxonomy":"post_tag","embeddable":true,"href":"https:\/\/www.radiobeton.com\/www\/wp-json\/wp\/v2\/tags?post=108721"}],"curies":[{"name":"wp","href":"https:\/\/api.w.org\/{rel}","templated":true}]}}