{"id":118900,"date":"2023-10-18T18:01:29","date_gmt":"2023-10-18T16:01:29","guid":{"rendered":"https:\/\/www.radiobeton.com\/www\/?p=118900"},"modified":"2023-10-18T18:02:24","modified_gmt":"2023-10-18T16:02:24","slug":"vue-du-phare-programmation-du-mercredi-18-octobre-2023","status":"publish","type":"post","link":"https:\/\/www.radiobeton.com\/www\/vue-du-phare-programmation-du-mercredi-18-octobre-2023\/","title":{"rendered":"[Vue du Phare] Programmation du mercredi 18 octobre 2023"},"content":{"rendered":"<p>Bonjour \u00e0 toutes &amp; tous<\/p>\n<p>D\u00e9sol\u00e9 pour ce mercredi 18 octobre, un contretemps professionnel m&rsquo;a emp\u00each\u00e9 d&rsquo;assurer l&rsquo;\u00e9mission.<\/p>\n<p>Je vous prie de m&rsquo;en excuser et je vous retrouve sans faute la semaine prochaine mercredi 25 octobre.<\/p>\n<p>Pour vous donner un avant-go\u00fbt, voici quelques liens vers les femmes qui honorent la production jazz de ce mois d&rsquo;octobre ROSE :<\/p>\n<p>Sophie ALOUR :<a href=\"https:\/\/www.youtube.com\/watch?v=F905FeH-FTs\">https:\/\/www.youtube.com\/watch?v=F905FeH-FTs<\/a>&nbsp;et son <strong>Temps virtuose,&nbsp;<\/strong>fait de cordes de violoncelle et de guitares, avec les futs d&rsquo;Anne PACEO<\/p>\n<p>C\u00e9line BONACINA :<a href=\"https:\/\/www.youtube.com\/watch?v=JnRxoGZx6Tg&amp;list=OLAK5uy_nGSWax1R4RfKvo-UEdynU4g7ZQM0ejY8E\">https:\/\/www.youtube.com\/watch?v=JnRxoGZx6Tg&amp;list=OLAK5uy_nGSWax1R4RfKvo-UEdynU4g7ZQM0ejY8E <\/a><\/p>\n<p>Pour C\u00e9line BONACINA, c&rsquo;est le grand saut avec son nouvel album <strong>JUMP!,<\/strong> tr\u00e8s rock et toujours plein de son baryton !!!<\/p>\n<p>Allez &#8211; \u00e0 la semaine prochaine.<\/p>\n<p>L\u00b0)<\/p>\n","protected":false},"excerpt":{"rendered":"<p>Bonjour \u00e0 toutes &amp; tous D\u00e9sol\u00e9 pour ce mercredi 18 octobre, un contretemps professionnel m&rsquo;a emp\u00each\u00e9 d&rsquo;assurer l&rsquo;\u00e9mission. Je vous prie de m&rsquo;en excuser et je vous retrouve sans faute la semaine prochaine mercredi 25 octobre. Pour vous donner un avant-go\u00fbt, voici quelques liens vers les femmes qui honorent la production jazz de ce mois &hellip; <a href=\"https:\/\/www.radiobeton.com\/www\/vue-du-phare-programmation-du-mercredi-18-octobre-2023\/\" class=\"more-link\">Continuer la lecture<span class=\"screen-reader-text\"> de &laquo;&nbsp;[Vue du Phare] Programmation du mercredi 18 octobre 2023&nbsp;&raquo;<\/span><\/a><\/p>\n","protected":false},"author":38,"featured_media":0,"comment_status":"closed","ping_status":"closed","sticky":false,"template":"","format":"standard","meta":{"footnotes":""},"categories":[223],"tags":[1916,1914,1915,1704],"class_list":["post-118900","post","type-post","status-publish","format-standard","hentry","category-vue-du-phare","tag-celine-bonacina","tag-femmes-en-jazz","tag-sophie-alour","tag-vue-du-phare-jazz"],"_links":{"self":[{"href":"https:\/\/www.radiobeton.com\/www\/wp-json\/wp\/v2\/posts\/118900","targetHints":{"allow":["GET"]}}],"collection":[{"href":"https:\/\/www.radiobeton.com\/www\/wp-json\/wp\/v2\/posts"}],"about":[{"href":"https:\/\/www.radiobeton.com\/www\/wp-json\/wp\/v2\/types\/post"}],"author":[{"embeddable":true,"href":"https:\/\/www.radiobeton.com\/www\/wp-json\/wp\/v2\/users\/38"}],"replies":[{"embeddable":true,"href":"https:\/\/www.radiobeton.com\/www\/wp-json\/wp\/v2\/comments?post=118900"}],"version-history":[{"count":3,"href":"https:\/\/www.radiobeton.com\/www\/wp-json\/wp\/v2\/posts\/118900\/revisions"}],"predecessor-version":[{"id":118931,"href":"https:\/\/www.radiobeton.com\/www\/wp-json\/wp\/v2\/posts\/118900\/revisions\/118931"}],"wp:attachment":[{"href":"https:\/\/www.radiobeton.com\/www\/wp-json\/wp\/v2\/media?parent=118900"}],"wp:term":[{"taxonomy":"category","embeddable":true,"href":"https:\/\/www.radiobeton.com\/www\/wp-json\/wp\/v2\/categories?post=118900"},{"taxonomy":"post_tag","embeddable":true,"href":"https:\/\/www.radiobeton.com\/www\/wp-json\/wp\/v2\/tags?post=118900"}],"curies":[{"name":"wp","href":"https:\/\/api.w.org\/{rel}","templated":true}]}}