{"id":127256,"date":"2024-10-17T14:33:47","date_gmt":"2024-10-17T12:33:47","guid":{"rendered":"https:\/\/www.radiobeton.com\/www\/?p=127256"},"modified":"2025-10-21T15:20:51","modified_gmt":"2025-10-21T13:20:51","slug":"les-radios-associatives-en-danger","status":"publish","type":"post","link":"https:\/\/www.radiobeton.com\/www\/les-radios-associatives-en-danger\/","title":{"rendered":"LES RADIOS ASSOCIATIVES EN DANGER !"},"content":{"rendered":"<p class=\"cvGsUA direction-ltr align-center para-style-body\"><span class=\"OYPEnA font-feature-liga-off font-feature-clig-off font-feature-calt-off text-decoration-none text-strikethrough-none\">Le plan d&rsquo;\u00e9conomies annonc\u00e9 la semaine derni\u00e8re par le gouvernement de Michel Barnier dans le cadre <\/span><span class=\"OYPEnA font-feature-liga-off font-feature-clig-off font-feature-calt-off text-decoration-none text-strikethrough-none\">du <\/span><strong><span class=\"OYPEnA font-feature-liga-off font-feature-clig-off font-feature-calt-off text-decoration-none text-strikethrough-none\">Projet de loi de finances 2025<\/span><\/strong><span class=\"OYPEnA font-feature-liga-off font-feature-clig-off font-feature-calt-off text-decoration-none text-strikethrough-none\"> contient un nombre important de mesures discutables voire <\/span><span class=\"OYPEnA font-feature-liga-off font-feature-clig-off font-feature-calt-off text-decoration-none text-strikethrough-none\">contestables.<\/span><\/p>\n<p class=\"cvGsUA direction-ltr align-center para-style-body\"><span class=\"OYPEnA font-feature-liga-off font-feature-clig-off font-feature-calt-off text-decoration-none text-strikethrough-none\">Parmi celles-ci il en est une qui nous touche de plein fouet : la <\/span><strong><span class=\"OYPEnA font-feature-liga-off font-feature-clig-off font-feature-calt-off text-decoration-none text-strikethrough-none\">r\u00e9duction de 30% du FSER<\/span><\/strong><span class=\"OYPEnA font-feature-liga-off font-feature-clig-off font-feature-calt-off text-decoration-none text-strikethrough-none\"> (Fond de soutien \u00e0 l&rsquo;expression radiophonique) dont <\/span><strong><span class=\"OYPEnA font-feature-liga-off font-feature-clig-off font-feature-calt-off text-decoration-none text-strikethrough-none\">plus de 770 radios associatives en France<\/span><\/strong><span class=\"OYPEnA font-feature-liga-off font-feature-clig-off font-feature-calt-off text-decoration-none text-strikethrough-none\"> sont b\u00e9n\u00e9ficiaires et qui fournit souvent la majorit\u00e9 de leurs ressources. Les \u00e9conomies de 10 millions d&rsquo;euros envisag\u00e9es sont <\/span><strong><span class=\"OYPEnA font-feature-liga-off font-feature-clig-off font-feature-calt-off text-decoration-none text-strikethrough-none\">une perspective catastrophique<\/span><\/strong><span class=\"OYPEnA font-feature-liga-off font-feature-clig-off font-feature-calt-off text-decoration-none text-strikethrough-none\"><strong> pour nos radios<\/strong> et donc pour les territoires qu&rsquo;elles touchent.<\/span><\/p>\n<p class=\"cvGsUA direction-ltr align-center para-style-body\"><strong><span class=\"OYPEnA font-feature-liga-off font-feature-clig-off font-feature-calt-off text-decoration-none text-strikethrough-none\">Radio B\u00e9ton a \u00e9t\u00e9 fond\u00e9e en 1986<\/span><\/strong><span class=\"OYPEnA font-feature-liga-off font-feature-clig-off font-feature-calt-off text-decoration-none text-strikethrough-none\">. Depuis, elle \u00e9maille le territoire et noue des liens avec le tissu local, par des \u00e9missions, des actions et des \u00e9v\u00e9nements souvent ancr\u00e9s dans la m\u00e9moire des Tourangelles et des Tourangeaux.<\/span><\/p>\n<p class=\"cvGsUA direction-ltr align-center para-style-body\"><span class=\"OYPEnA font-feature-liga-off font-feature-clig-off font-feature-calt-off text-decoration-none text-strikethrough-none\">Elle s\u2019engage \u00e0 donner la parole aux personnes qui n\u2019en ont pas l\u2019occasion sur d\u2019autres m\u00e9dias : <\/span><strong><span class=\"OYPEnA font-feature-liga-off font-feature-clig-off font-feature-calt-off text-decoration-none text-strikethrough-none\">associations et collectifs, personnalit\u00e9s politiques, acteur\u00b7ice\u00b7s de la culture, de l\u2019\u00e9cologie, des luttes, du d\u00e9veloppement social et solidaire<\/span><\/strong><span class=\"OYPEnA font-feature-liga-off font-feature-clig-off font-feature-calt-off text-decoration-none text-strikethrough-none\">, et d\u00e9fends sur son antenne <\/span><strong><span class=\"OYPEnA font-feature-liga-off font-feature-clig-off font-feature-calt-off text-decoration-none text-strikethrough-none\">tous types de musique <\/span><span class=\"OYPEnA font-feature-liga-off font-feature-clig-off font-feature-calt-off text-decoration-none text-strikethrough-none\">: <\/span><span class=\"OYPEnA font-feature-liga-off font-feature-clig-off font-feature-calt-off text-decoration-none text-strikethrough-none\">ind\u00e9pendantes, locales, alternatives<\/span><span class=\"OYPEnA font-feature-liga-off font-feature-clig-off font-feature-calt-off text-decoration-none text-strikethrough-none\">.<\/span><\/strong><\/p>\n<p class=\"cvGsUA direction-ltr align-center para-style-body\"><span class=\"OYPEnA font-feature-liga-off font-feature-clig-off font-feature-calt-off text-decoration-none text-strikethrough-none\">Une <\/span><strong><span class=\"OYPEnA font-feature-liga-off font-feature-clig-off font-feature-calt-off text-decoration-none text-strikethrough-none\">baisse de 30%<\/span><\/strong><span class=\"OYPEnA font-feature-liga-off font-feature-clig-off font-feature-calt-off text-decoration-none text-strikethrough-none\"> de la subvention pour nos radios associatives en g\u00e9n\u00e9ral cela signifie :<br \/>\n<\/span><span class=\"OYPEnA font-feature-liga-off font-feature-clig-off font-feature-calt-off text-decoration-none text-strikethrough-none\">&#8211; la <\/span><strong><span class=\"OYPEnA font-feature-liga-off font-feature-clig-off font-feature-calt-off text-decoration-none text-strikethrough-none\">mise en p\u00e9ril de + de 800 emplois <\/span><\/strong><span class=\"OYPEnA font-feature-liga-off font-feature-clig-off font-feature-calt-off text-decoration-none text-strikethrough-none\">(Radio B\u00e9ton compte deux salari\u00e9\u00b7es en CDI)<br \/>\n<\/span><span class=\"OYPEnA font-feature-liga-off font-feature-clig-off font-feature-calt-off text-decoration-none text-strikethrough-none\">&#8211; la p\u00e9rennisation d&rsquo;un signal n\u00e9gatif envoy\u00e9 aux m\u00e9dias associatifs, apr\u00e8s la <\/span><strong><span class=\"OYPEnA font-feature-liga-off font-feature-clig-off font-feature-calt-off text-decoration-none text-strikethrough-none\">disparition d&#8217;emplois <\/span><span class=\"OYPEnA font-feature-liga-off font-feature-clig-off font-feature-calt-off text-decoration-none text-strikethrough-none\">aid\u00e9s<\/span><\/strong><span class=\"OYPEnA font-feature-liga-off font-feature-clig-off font-feature-calt-off text-decoration-none text-strikethrough-none\"> sur lesquels ils s&rsquo;appuyaient consid\u00e9rablement<br \/>\n<\/span><span class=\"OYPEnA font-feature-liga-off font-feature-clig-off font-feature-calt-off text-decoration-none text-strikethrough-none\">&#8211; une <strong>impossibilit\u00e9 de remplir les missions de <\/strong><\/span><strong><span class=\"OYPEnA font-feature-liga-off font-feature-clig-off font-feature-calt-off text-decoration-none text-strikethrough-none\">proximit\u00e9<\/span><span class=\"OYPEnA font-feature-liga-off font-feature-clig-off font-feature-calt-off text-decoration-none text-strikethrough-none\">, de <\/span><span class=\"OYPEnA font-feature-liga-off font-feature-clig-off font-feature-calt-off text-decoration-none text-strikethrough-none\">lien social<\/span><span class=\"OYPEnA font-feature-liga-off font-feature-clig-off font-feature-calt-off text-decoration-none text-strikethrough-none\">, d&rsquo;<\/span><span class=\"OYPEnA font-feature-liga-off font-feature-clig-off font-feature-calt-off text-decoration-none text-strikethrough-none\">acc\u00e8s \u00e0 la culture<\/span><span class=\"OYPEnA font-feature-liga-off font-feature-clig-off font-feature-calt-off text-decoration-none text-strikethrough-none\"> et \u00e0 <\/span><span class=\"OYPEnA font-feature-liga-off font-feature-clig-off font-feature-calt-off text-decoration-none text-strikethrough-none\">l&rsquo;<\/span><span class=\"OYPEnA font-feature-liga-off font-feature-clig-off font-feature-calt-off text-decoration-none text-strikethrough-none\">information<\/span><\/strong><span class=\"OYPEnA font-feature-liga-off font-feature-clig-off font-feature-calt-off text-decoration-none text-strikethrough-none\"> que chacune d&rsquo;elle repr\u00e9sente<br \/>\n<\/span><span class=\"OYPEnA font-feature-liga-off font-feature-clig-off font-feature-calt-off text-decoration-none text-strikethrough-none\">&#8211; la <\/span><strong><span class=\"OYPEnA font-feature-liga-off font-feature-clig-off font-feature-calt-off text-decoration-none text-strikethrough-none\">mise en danger d&rsquo;un espace d&rsquo;expression pluriel<\/span><span class=\"OYPEnA font-feature-liga-off font-feature-clig-off font-feature-calt-off text-decoration-none text-strikethrough-none\"> et <\/span><span class=\"OYPEnA font-feature-liga-off font-feature-clig-off font-feature-calt-off text-decoration-none text-strikethrough-none\">non discriminant<\/span><\/strong><span class=\"OYPEnA font-feature-liga-off font-feature-clig-off font-feature-calt-off text-decoration-none text-strikethrough-none\">, qui met en valeur les actrices et les acteurs de la vie locale<br \/>\n<\/span><span class=\"OYPEnA font-feature-liga-off font-feature-clig-off font-feature-calt-off text-decoration-none text-strikethrough-none\">&#8211; la <\/span><strong><span class=\"OYPEnA font-feature-liga-off font-feature-clig-off font-feature-calt-off text-decoration-none text-strikethrough-none\">r\u00e9duction de l&rsquo;offre m\u00e9diatique<\/span><\/strong><span class=\"OYPEnA font-feature-liga-off font-feature-clig-off font-feature-calt-off text-decoration-none text-strikethrough-none\"> d\u00e9sormais concentr\u00e9e vers des m\u00e9dias g\u00e9n\u00e9reusement dot\u00e9s <\/span><span class=\"OYPEnA font-feature-liga-off font-feature-clig-off font-feature-calt-off text-decoration-none text-strikethrough-none\">par des fonds priv\u00e9s, dont le pluralisme est de moins en moins la pr\u00e9occupation principale<br \/>\n<\/span><span class=\"OYPEnA font-feature-liga-off font-feature-clig-off font-feature-calt-off text-decoration-none text-strikethrough-none\">&#8211; la <\/span><strong><span class=\"OYPEnA font-feature-liga-off font-feature-clig-off font-feature-calt-off text-decoration-none text-strikethrough-none\">mise en danger de dispositifs d&rsquo;\u00e9ducation aux m\u00e9dias<\/span><\/strong><span class=\"OYPEnA font-feature-liga-off font-feature-clig-off font-feature-calt-off text-decoration-none text-strikethrough-none\"> qui ont fait leurs preuves dans les <\/span><span class=\"OYPEnA font-feature-liga-off font-feature-clig-off font-feature-calt-off text-decoration-none text-strikethrough-none\">\u00e9tablissements scolaires, les foyers, les centres p\u00e9nitentiaires et hospitaliers &#8230; <\/span><span class=\"OYPEnA font-feature-liga-off font-feature-clig-off font-feature-calt-off text-decoration-none text-strikethrough-none\">(Radio B\u00e9ton en propose \u00e0 longueur d&rsquo;ann\u00e9e et <\/span><span class=\"OYPEnA font-feature-liga-off font-feature-clig-off font-feature-calt-off text-decoration-none text-strikethrough-none\">ses ateliers sont clairement identifi\u00e9s)<\/span><\/p>\n<p class=\"cvGsUA direction-ltr align-center para-style-body\"><strong><span class=\"OYPEnA font-feature-liga-off font-feature-clig-off font-feature-calt-off text-decoration-none text-strikethrough-none\">Ne laissez pas les radios associatives seules <\/span><\/strong><span class=\"OYPEnA font-feature-liga-off font-feature-clig-off font-feature-calt-off text-decoration-none text-strikethrough-none\"><strong>face \u00e0 cette nouvelle alarmante<\/strong> :<\/span><\/p>\n<p class=\"cvGsUA direction-ltr align-center para-style-body\"><span class=\"OYPEnA font-feature-liga-off font-feature-clig-off font-feature-calt-off text-decoration-none text-strikethrough-none\">&#8211; Informez-vous sur le PLF 2025<br \/>\n<\/span><span class=\"OYPEnA font-feature-liga-off font-feature-clig-off font-feature-calt-off text-decoration-none text-strikethrough-none\">&#8211; Partagez massivement ces informations<br \/>\n<\/span><span class=\"OYPEnA font-feature-liga-off font-feature-clig-off font-feature-calt-off text-decoration-none text-strikethrough-none\">&#8211; Alertez vos \u00e9lu\u00b7es <\/span><span id=\"baseInclusif\">locaux\u00b7ales<br \/>\n<\/span><span class=\"OYPEnA font-feature-liga-off font-feature-clig-off font-feature-calt-off text-decoration-none text-strikethrough-none\">&#8211; Suivez les actualit\u00e9s des radios associatives pour lancer une mobilisation<\/span><\/p>\n<p class=\"cvGsUA direction-ltr align-center para-style-body\"><strong><span class=\"OYPEnA font-feature-liga-off font-feature-clig-off font-feature-calt-off text-decoration-none text-strikethrough-none\">Et surtout, continuez d\u2019\u00e9couter vos radios associatives locales !<\/span><\/strong><\/p>\n<p class=\"cvGsUA direction-ltr align-center para-style-body\"><span class=\"OYPEnA font-feature-liga-off font-feature-clig-off font-feature-calt-off text-decoration-none text-strikethrough-none\">Merci,<br \/>\n<\/span><span class=\"OYPEnA font-feature-liga-off font-feature-clig-off font-feature-calt-off text-decoration-none text-strikethrough-none\">L\u2019\u00e9quipe de Radio B\u00e9ton &#8211; 93.6 FM \u00e0 Tours<\/span><\/p>\n<p class=\"cvGsUA direction-ltr align-center para-style-body\"><span class=\"OYPEnA font-feature-liga-off font-feature-clig-off font-feature-calt-off text-decoration-none text-strikethrough-none\">\u00a0<\/span><\/p>\n","protected":false},"excerpt":{"rendered":"<p>Le plan d&rsquo;\u00e9conomies annonc\u00e9 la semaine derni\u00e8re par le gouvernement de Michel Barnier dans le cadre du Projet de loi de finances 2025 contient un nombre important de mesures discutables voire contestables. Parmi celles-ci il en est une qui nous touche de plein fouet : la r\u00e9duction de 30% du FSER (Fond de soutien \u00e0 &hellip; <a href=\"https:\/\/www.radiobeton.com\/www\/les-radios-associatives-en-danger\/\" class=\"more-link\">Continuer la lecture<span class=\"screen-reader-text\"> de &laquo;&nbsp;LES RADIOS ASSOCIATIVES EN DANGER !&nbsp;&raquo;<\/span><\/a><\/p>\n","protected":false},"author":4,"featured_media":127257,"comment_status":"closed","ping_status":"closed","sticky":false,"template":"","format":"standard","meta":{"footnotes":""},"categories":[192,191],"tags":[],"class_list":["post-127256","post","type-post","status-publish","format-standard","has-post-thumbnail","hentry","category-lassociation","category-la-radio"],"_links":{"self":[{"href":"https:\/\/www.radiobeton.com\/www\/wp-json\/wp\/v2\/posts\/127256","targetHints":{"allow":["GET"]}}],"collection":[{"href":"https:\/\/www.radiobeton.com\/www\/wp-json\/wp\/v2\/posts"}],"about":[{"href":"https:\/\/www.radiobeton.com\/www\/wp-json\/wp\/v2\/types\/post"}],"author":[{"embeddable":true,"href":"https:\/\/www.radiobeton.com\/www\/wp-json\/wp\/v2\/users\/4"}],"replies":[{"embeddable":true,"href":"https:\/\/www.radiobeton.com\/www\/wp-json\/wp\/v2\/comments?post=127256"}],"version-history":[{"count":4,"href":"https:\/\/www.radiobeton.com\/www\/wp-json\/wp\/v2\/posts\/127256\/revisions"}],"predecessor-version":[{"id":127272,"href":"https:\/\/www.radiobeton.com\/www\/wp-json\/wp\/v2\/posts\/127256\/revisions\/127272"}],"wp:featuredmedia":[{"embeddable":true,"href":"https:\/\/www.radiobeton.com\/www\/wp-json\/wp\/v2\/media\/127257"}],"wp:attachment":[{"href":"https:\/\/www.radiobeton.com\/www\/wp-json\/wp\/v2\/media?parent=127256"}],"wp:term":[{"taxonomy":"category","embeddable":true,"href":"https:\/\/www.radiobeton.com\/www\/wp-json\/wp\/v2\/categories?post=127256"},{"taxonomy":"post_tag","embeddable":true,"href":"https:\/\/www.radiobeton.com\/www\/wp-json\/wp\/v2\/tags?post=127256"}],"curies":[{"name":"wp","href":"https:\/\/api.w.org\/{rel}","templated":true}]}}