{"id":131196,"date":"2025-04-17T16:04:35","date_gmt":"2025-04-17T14:04:35","guid":{"rendered":"https:\/\/www.radiobeton.com\/www\/?p=131196"},"modified":"2025-04-30T09:49:23","modified_gmt":"2025-04-30T07:49:23","slug":"vue-du-phare-playlist-du-jeudi-17-avril-2025","status":"publish","type":"post","link":"https:\/\/www.radiobeton.com\/www\/vue-du-phare-playlist-du-jeudi-17-avril-2025\/","title":{"rendered":"[Vue du Phare] Playlist du jeudi 17 avril 2025"},"content":{"rendered":"<p>Bonjour \u00e0 toutes et tous<\/p>\n<p>Vue du Phare l&rsquo;\u00e9mission de l&rsquo;actualit\u00e9 du jazz, notamment en Touraine, est de retour sur Radio B\u00e9ton. Je vous prie tout d&rsquo;abord d&rsquo;accepter mes excuses pour ce mois d&rsquo;absence.<\/p>\n<p>Voici donc sans d\u00e9lai la programmation de cette \u00e9mission du jeudi 25 avril :<\/p>\n<ol>\n<li>Eddy LOUISS &#8211; <em>Espanol<\/em> \/ <strong>SANG MELE<\/strong> (1987\/Nocturne)<\/li>\n<li>Emmanuel BEX &#8211; <em>Espanol<\/em> \/ <strong>EDDY M&rsquo;A DIT<\/strong> (2025\/PeeWee!)<\/li>\n<li>Emmanuel BEX &#8211; <i>Come On DH <\/i>\/ <strong>EDDY M&rsquo;A DIT<\/strong> (2025\/PeeWee!)<\/li>\n<li>WEATHER REPORT &#8211; <em>Gibraltar<\/em> \/ <strong>BLACK MARKET<\/strong> (1976\/CBS Sony)<\/li>\n<li>Gerald CLAYTON &#8211; <em>Cinnamon Sugar<\/em> \/<strong>ONES &amp; TWOS<\/strong> (2025\/Blue Note)<\/li>\n<li>John PATITUCCI &#8211; <em>Lipim<\/em> \/ <strong>SPIRIT FALL<\/strong> (2025\/Editions Records)<\/li>\n<li>Edward PERRAUD &#8211; <em>Au coeur<\/em> \/ <strong>DE L&rsquo;OMBRE A L&rsquo;AUBE<\/strong> (2024\/Label Bleu)<\/li>\n<li>John ZORN by Brian MARSELLA &#8211; <em>Praeludium<\/em> \/ <strong>SUITE FOR PIANO<\/strong> (2022\/Tzadik)<\/li>\n<\/ol>\n<p>Et voil\u00e0, c&rsquo;est tout pour aujourd&rsquo;hui. RV au Petit Faucheux en fin de semaine prochaine, avec le lien ci-dessous :<\/p>\n<p>https:\/\/petitfaucheux.fr\/agenda\/sauvages-paradis<\/p>\n<p>A la semaine prochaine, si tout va bien.<\/p>\n<p>L\u00b0)<\/p>\n","protected":false},"excerpt":{"rendered":"<p>Bonjour \u00e0 toutes et tous Vue du Phare l&rsquo;\u00e9mission de l&rsquo;actualit\u00e9 du jazz, notamment en Touraine, est de retour sur Radio B\u00e9ton. Je vous prie tout d&rsquo;abord d&rsquo;accepter mes excuses pour ce mois d&rsquo;absence. Voici donc sans d\u00e9lai la programmation de cette \u00e9mission du jeudi 25 avril : Eddy LOUISS &#8211; Espanol \/ SANG MELE &hellip; <a href=\"https:\/\/www.radiobeton.com\/www\/vue-du-phare-playlist-du-jeudi-17-avril-2025\/\" class=\"more-link\">Continuer la lecture<span class=\"screen-reader-text\"> de &laquo;&nbsp;[Vue du Phare] Playlist du jeudi 17 avril 2025&nbsp;&raquo;<\/span><\/a><\/p>\n","protected":false},"author":38,"featured_media":0,"comment_status":"closed","ping_status":"closed","sticky":false,"template":"","format":"standard","meta":{"footnotes":""},"categories":[223],"tags":[2083,2062,2084,710,1905,1704],"class_list":["post-131196","post","type-post","status-publish","format-standard","hentry","category-vue-du-phare","tag-eddy-louiss","tag-edward-perraud","tag-emmanuel-bex","tag-jazz","tag-petit-faucheux","tag-vue-du-phare-jazz"],"_links":{"self":[{"href":"https:\/\/www.radiobeton.com\/www\/wp-json\/wp\/v2\/posts\/131196","targetHints":{"allow":["GET"]}}],"collection":[{"href":"https:\/\/www.radiobeton.com\/www\/wp-json\/wp\/v2\/posts"}],"about":[{"href":"https:\/\/www.radiobeton.com\/www\/wp-json\/wp\/v2\/types\/post"}],"author":[{"embeddable":true,"href":"https:\/\/www.radiobeton.com\/www\/wp-json\/wp\/v2\/users\/38"}],"replies":[{"embeddable":true,"href":"https:\/\/www.radiobeton.com\/www\/wp-json\/wp\/v2\/comments?post=131196"}],"version-history":[{"count":2,"href":"https:\/\/www.radiobeton.com\/www\/wp-json\/wp\/v2\/posts\/131196\/revisions"}],"predecessor-version":[{"id":131198,"href":"https:\/\/www.radiobeton.com\/www\/wp-json\/wp\/v2\/posts\/131196\/revisions\/131198"}],"wp:attachment":[{"href":"https:\/\/www.radiobeton.com\/www\/wp-json\/wp\/v2\/media?parent=131196"}],"wp:term":[{"taxonomy":"category","embeddable":true,"href":"https:\/\/www.radiobeton.com\/www\/wp-json\/wp\/v2\/categories?post=131196"},{"taxonomy":"post_tag","embeddable":true,"href":"https:\/\/www.radiobeton.com\/www\/wp-json\/wp\/v2\/tags?post=131196"}],"curies":[{"name":"wp","href":"https:\/\/api.w.org\/{rel}","templated":true}]}}