{"id":55407,"date":"2016-03-30T14:45:23","date_gmt":"2016-03-30T12:45:23","guid":{"rendered":"http:\/\/www.radiobeton.com\/wordpress\/?p=55407"},"modified":"2016-03-30T14:45:23","modified_gmt":"2016-03-30T12:45:23","slug":"le-quart-dheure-tourangeau-avec-atili-bandalero","status":"publish","type":"post","link":"https:\/\/www.radiobeton.com\/www\/le-quart-dheure-tourangeau-avec-atili-bandalero\/","title":{"rendered":"Le Quart d&rsquo;Heure Tourangeau avec Atili Bandalero !"},"content":{"rendered":"<p>Chaque mardi de 18h15 \u00e0 19h, retrouvez l&rsquo;\u00e9mission d\u00e9di\u00e9e \u00e0 la sc\u00e8ne locale d&rsquo;Indre-et-Loire sur Radio B\u00e9ton (93.6) en partenariat avec la Fraca-Ma et le label Un je-ne-sais-quoi.<\/p>\n<p>Nos trois animateurs (Enzo de Radio B\u00e9ton, Greg de la Fraca-Ma et Guillaume du label Un je-ne-sais-quoi) re\u00e7oivent chaque semaine en interview un groupe ou artiste de la sc\u00e8ne locale d&rsquo;Indre-et-Loire et font le tour de son actualit\u00e9 : sortie d&rsquo;album, concerts, news&#8230; le tout agr\u00e9ment\u00e9, d\u00e8s que cela est possible, d&rsquo;un petit live radio.<\/p>\n<p>Ce mardi 29 mars, le Quart d&rsquo;heure recevait le producteur reggae\/dub (entre autres) tourangeau <strong>Atili Bandalero<\/strong> pour la sortie sur le label Brigante Records, de son nouvel album <em>Bridge Over Troubled Dreams<\/em>, avec le chanteur Prendy en featuring principal.<\/p>\n<p>Emission en \u00e9coute : http:\/\/fracama.org\/upload\/quartdheure20160329.mp3<\/p>\n","protected":false},"excerpt":{"rendered":"<p>Chaque mardi de 18h15 \u00e0 19h, retrouvez l&rsquo;\u00e9mission d\u00e9di\u00e9e \u00e0 la sc\u00e8ne locale d&rsquo;Indre-et-Loire sur Radio B\u00e9ton (93.6) en partenariat avec la Fraca-Ma et le label Un je-ne-sais-quoi. Nos trois animateurs (Enzo de Radio B\u00e9ton, Greg de la Fraca-Ma et Guillaume du label Un je-ne-sais-quoi) re\u00e7oivent chaque semaine en interview un groupe ou artiste de &hellip; <a href=\"https:\/\/www.radiobeton.com\/www\/le-quart-dheure-tourangeau-avec-atili-bandalero\/\" class=\"more-link\">Continuer la lecture<span class=\"screen-reader-text\"> de &laquo;&nbsp;Le Quart d&rsquo;Heure Tourangeau avec Atili Bandalero !&nbsp;&raquo;<\/span><\/a><\/p>\n","protected":false},"author":4,"featured_media":55406,"comment_status":"open","ping_status":"open","sticky":false,"template":"","format":"standard","meta":{"footnotes":""},"categories":[279],"tags":[],"class_list":["post-55407","post","type-post","status-publish","format-standard","has-post-thumbnail","hentry","category-le-quart-dheure-tourangeau"],"_links":{"self":[{"href":"https:\/\/www.radiobeton.com\/www\/wp-json\/wp\/v2\/posts\/55407","targetHints":{"allow":["GET"]}}],"collection":[{"href":"https:\/\/www.radiobeton.com\/www\/wp-json\/wp\/v2\/posts"}],"about":[{"href":"https:\/\/www.radiobeton.com\/www\/wp-json\/wp\/v2\/types\/post"}],"author":[{"embeddable":true,"href":"https:\/\/www.radiobeton.com\/www\/wp-json\/wp\/v2\/users\/4"}],"replies":[{"embeddable":true,"href":"https:\/\/www.radiobeton.com\/www\/wp-json\/wp\/v2\/comments?post=55407"}],"version-history":[{"count":0,"href":"https:\/\/www.radiobeton.com\/www\/wp-json\/wp\/v2\/posts\/55407\/revisions"}],"wp:featuredmedia":[{"embeddable":true,"href":"https:\/\/www.radiobeton.com\/www\/wp-json\/wp\/v2\/media\/55406"}],"wp:attachment":[{"href":"https:\/\/www.radiobeton.com\/www\/wp-json\/wp\/v2\/media?parent=55407"}],"wp:term":[{"taxonomy":"category","embeddable":true,"href":"https:\/\/www.radiobeton.com\/www\/wp-json\/wp\/v2\/categories?post=55407"},{"taxonomy":"post_tag","embeddable":true,"href":"https:\/\/www.radiobeton.com\/www\/wp-json\/wp\/v2\/tags?post=55407"}],"curies":[{"name":"wp","href":"https:\/\/api.w.org\/{rel}","templated":true}]}}