{"id":55418,"date":"2016-03-31T15:04:12","date_gmt":"2016-03-31T13:04:12","guid":{"rendered":"http:\/\/www.radiobeton.com\/wordpress\/?p=55418"},"modified":"2019-04-28T21:42:00","modified_gmt":"2019-04-28T19:42:00","slug":"radio-beton-en-direct-du-festival-wet","status":"publish","type":"post","link":"https:\/\/www.radiobeton.com\/www\/radio-beton-en-direct-du-festival-wet\/","title":{"rendered":"Radio B\u00e9ton en direct du festival WET\u00b0"},"content":{"rendered":"<p>Ce weekend, <strong>Radio B\u00e9ton<\/strong> se mouille avec le Th\u00e9\u00c3\u00a2tre Olympia pour le festival <strong>WET\u00c2\u00b0<\/strong>, organis\u00e9 par le JTRC du 1er au 3 Avril.<\/p>\n<p>De <strong>12H00 \u00e0 17H00<\/strong>, ce <strong>SAMEDI 2 AVRIL<\/strong>, Radio B\u00e9ton est en direct du CDRT pour une apr\u00e8s-midi haute en couleur et riche en \u00e9motions !<\/p>\n<p>Au programme :<\/p>\n<p>&nbsp;Pr\u00e9sentation du festival et des spectacles propos\u00e9s<br \/>\n<br \/>&nbsp;Interview des jeunes du JTRC, organisateurs du festival WET\u00c2\u00b0<br \/>\n<br \/>&nbsp;Diffusion du spectacle <em>Nightshoot<\/em><br \/>\n<br \/>&nbsp;Emission culturelle de Radio B\u00e9ton : \u00ab\u00a0N&rsquo;Ecoute pas les idoles\u00a0\u00bb [de 13H00 \u00e0 13H30]<br \/>\n<br \/>&nbsp;Interview \/ focus sur la Compagnie Mind The Gap et leur spectacle <em>Tonnerre [dans un ciel sans nuage]<\/em><br \/>\n<br \/>&nbsp;Interview des artistes et metteurs en sc\u00e8ne : Collectif Os&rsquo;O (pour le spectacle <em>Timon \/ Titus<\/em>) \/ Collectif Colette (pour le spectacle <em>Pauline \u00e0 la plage<\/em>) \/ Collectif Nightshot (pour le spectacle <em>Nous allons vivre<\/em>)<\/p>\n<p>Et bien s\u00fbr de la musique et plein d&rsquo;autres jolies surprises !<\/p>\n<p>Voyez au rendez-vous au CDRT ou sur les ondes du 93.6 fm !!!<\/p>\n","protected":false},"excerpt":{"rendered":"<p>Ce weekend, Radio B\u00e9ton se mouille avec le Th\u00e9\u00c3\u00a2tre Olympia pour le festival WET\u00c2\u00b0, organis\u00e9 par le JTRC du 1er au 3 Avril. De 12H00 \u00e0 17H00, ce SAMEDI 2 AVRIL, Radio B\u00e9ton est en direct du CDRT pour une apr\u00e8s-midi haute en couleur et riche en \u00e9motions ! Au programme : &nbsp;Pr\u00e9sentation du festival &hellip; <a href=\"https:\/\/www.radiobeton.com\/www\/radio-beton-en-direct-du-festival-wet\/\" class=\"more-link\">Continuer la lecture<span class=\"screen-reader-text\"> de &laquo;&nbsp;Radio B\u00e9ton en direct du festival WET\u00b0&nbsp;&raquo;<\/span><\/a><\/p>\n","protected":false},"author":4,"featured_media":55417,"comment_status":"open","ping_status":"open","sticky":false,"template":"","format":"standard","meta":{"footnotes":""},"categories":[1015],"tags":[],"class_list":["post-55418","post","type-post","status-publish","format-standard","has-post-thumbnail","hentry","category-en-direct-de"],"_links":{"self":[{"href":"https:\/\/www.radiobeton.com\/www\/wp-json\/wp\/v2\/posts\/55418","targetHints":{"allow":["GET"]}}],"collection":[{"href":"https:\/\/www.radiobeton.com\/www\/wp-json\/wp\/v2\/posts"}],"about":[{"href":"https:\/\/www.radiobeton.com\/www\/wp-json\/wp\/v2\/types\/post"}],"author":[{"embeddable":true,"href":"https:\/\/www.radiobeton.com\/www\/wp-json\/wp\/v2\/users\/4"}],"replies":[{"embeddable":true,"href":"https:\/\/www.radiobeton.com\/www\/wp-json\/wp\/v2\/comments?post=55418"}],"version-history":[{"count":1,"href":"https:\/\/www.radiobeton.com\/www\/wp-json\/wp\/v2\/posts\/55418\/revisions"}],"predecessor-version":[{"id":78048,"href":"https:\/\/www.radiobeton.com\/www\/wp-json\/wp\/v2\/posts\/55418\/revisions\/78048"}],"wp:featuredmedia":[{"embeddable":true,"href":"https:\/\/www.radiobeton.com\/www\/wp-json\/wp\/v2\/media\/55417"}],"wp:attachment":[{"href":"https:\/\/www.radiobeton.com\/www\/wp-json\/wp\/v2\/media?parent=55418"}],"wp:term":[{"taxonomy":"category","embeddable":true,"href":"https:\/\/www.radiobeton.com\/www\/wp-json\/wp\/v2\/categories?post=55418"},{"taxonomy":"post_tag","embeddable":true,"href":"https:\/\/www.radiobeton.com\/www\/wp-json\/wp\/v2\/tags?post=55418"}],"curies":[{"name":"wp","href":"https:\/\/api.w.org\/{rel}","templated":true}]}}