{"id":57864,"date":"2016-10-13T12:24:46","date_gmt":"2016-10-13T10:24:46","guid":{"rendered":"http:\/\/www.radiobeton.com\/wordpress\/?p=57864"},"modified":"2019-04-28T21:14:35","modified_gmt":"2019-04-28T19:14:35","slug":"festival-la-chaudiere","status":"publish","type":"post","link":"https:\/\/www.radiobeton.com\/www\/festival-la-chaudiere\/","title":{"rendered":"FESTIVAL LA CHAUDIERE"},"content":{"rendered":"<p>Les vendredi 7 et samedi 8 octobre dernier, nous \u00e9tions sur l&rsquo;\u00c3\u017dle Aucard \u00e0 l&rsquo;occasion du Festival La Chaudi\u00e8re, Acte 1 &#8211; Sc\u00e8ne 2. Pour ce plateau, nous \u00e9tions avec l&rsquo;\u00e9quipe de Radio Campus pour des interviews des diff\u00e9rents artistes pr\u00e9sent tout au long de ces deux jours.<\/p>\n<p>Voici les r\u00e9\u00e9coutes :<\/p>\n<p>> L&rsquo;ORGANISATION :<\/p>\n<p><iframe loading=\"lazy\" width=\"100%\" height=\"120\" src=\"https:\/\/www.mixcloud.com\/widget\/iframe\/?feed=https%3A%2F%2Fwww.mixcloud.com%2FBeton%2Fitw-la-chaudi%25C3%25A8re-organisation%2F&#038;hide_cover=1\" frameborder=\"0\"><\/iframe><\/p>\n<p>> LES ARTISTES MUSIQUE :<\/p>\n<p><iframe loading=\"lazy\" width=\"100%\" height=\"120\" src=\"https:\/\/www.mixcloud.com\/widget\/iframe\/?feed=https%3A%2F%2Fwww.mixcloud.com%2FBeton%2Fitw-la-chaudi%25C3%25A8re-cockpit%2F&#038;hide_cover=1\" frameborder=\"0\"><\/iframe><\/p>\n<p><iframe loading=\"lazy\" width=\"100%\" height=\"120\" src=\"https:\/\/www.mixcloud.com\/widget\/iframe\/?feed=https%3A%2F%2Fwww.mixcloud.com%2FBeton%2Fitw-la-chaudi%25C3%25A8re-tha-trickaz%2F&#038;hide_cover=1\" frameborder=\"0\"><\/iframe><\/p>\n<p><iframe loading=\"lazy\" width=\"100%\" height=\"120\" src=\"https:\/\/www.mixcloud.com\/widget\/iframe\/?feed=https%3A%2F%2Fwww.mixcloud.com%2FBeton%2Fitw-la-chaudi%25C3%25A8re-ta%25C3%25AFwan-mc%2F&#038;hide_cover=1\" frameborder=\"0\"><\/iframe><\/p>\n<p><iframe loading=\"lazy\" width=\"100%\" height=\"120\" src=\"https:\/\/www.mixcloud.com\/widget\/iframe\/?feed=https%3A%2F%2Fwww.mixcloud.com%2FBeton%2Fitw-la-chaudi%25C3%25A8re-thylacine%2F&#038;hide_cover=1\" frameborder=\"0\"><\/iframe><\/p>\n<p><iframe loading=\"lazy\" width=\"100%\" height=\"120\" src=\"https:\/\/www.mixcloud.com\/widget\/iframe\/?feed=https%3A%2F%2Fwww.mixcloud.com%2FBeton%2Fitw-la-chaudi%25C3%25A8re-djs-coco-koko%2F&#038;hide_cover=1\" frameborder=\"0\"><\/iframe><\/p>\n<p><iframe loading=\"lazy\" width=\"100%\" height=\"120\" src=\"https:\/\/www.mixcloud.com\/widget\/iframe\/?feed=https%3A%2F%2Fwww.mixcloud.com%2FBeton%2Fitw-la-chaudi%25C3%25A8re-saravah%2F&#038;hide_cover=1\" frameborder=\"0\"><\/iframe><\/p>\n<p>> LES ARTISTES PLASTIQUE &#038; ARTS DE RUE :<\/p>\n<p><iframe loading=\"lazy\" width=\"100%\" height=\"120\" src=\"https:\/\/www.mixcloud.com\/widget\/iframe\/?feed=https%3A%2F%2Fwww.mixcloud.com%2FBeton%2Fitw-la-chaudi%25C3%25A8re-fred-chabot%2F&#038;hide_cover=1\" frameborder=\"0\"><\/iframe><\/p>\n<p><iframe loading=\"lazy\" width=\"100%\" height=\"120\" src=\"https:\/\/www.mixcloud.com\/widget\/iframe\/?feed=https%3A%2F%2Fwww.mixcloud.com%2FBeton%2Fitw-la-chaudi%25C3%25A8re-gil-kd%2F&#038;hide_cover=1\" frameborder=\"0\"><\/iframe><\/p>\n<p><iframe loading=\"lazy\" width=\"100%\" height=\"120\" src=\"https:\/\/www.mixcloud.com\/widget\/iframe\/?feed=https%3A%2F%2Fwww.mixcloud.com%2FBeton%2Fitw-la-chaudi%25C3%25A8re-cie-100-issues%2F&#038;hide_cover=1\" frameborder=\"0\"><\/iframe><\/p>\n<p><iframe loading=\"lazy\" width=\"100%\" height=\"120\" src=\"https:\/\/www.mixcloud.com\/widget\/iframe\/?feed=https%3A%2F%2Fwww.mixcloud.com%2FBeton%2Fitw-la-chaudi%25C3%25A8re-cie-marzouk-machine%2F&#038;hide_cover=1\" frameborder=\"0\"><\/iframe><\/p>\n","protected":false},"excerpt":{"rendered":"<p>Les vendredi 7 et samedi 8 octobre dernier, nous \u00e9tions sur l&rsquo;\u00c3\u017dle Aucard \u00e0 l&rsquo;occasion du Festival La Chaudi\u00e8re, Acte 1 &#8211; Sc\u00e8ne 2. Pour ce plateau, nous \u00e9tions avec l&rsquo;\u00e9quipe de Radio Campus pour des interviews des diff\u00e9rents artistes pr\u00e9sent tout au long de ces deux jours. Voici les r\u00e9\u00e9coutes : > L&rsquo;ORGANISATION : &hellip; <a href=\"https:\/\/www.radiobeton.com\/www\/festival-la-chaudiere\/\" class=\"more-link\">Continuer la lecture<span class=\"screen-reader-text\"> de &laquo;&nbsp;FESTIVAL LA CHAUDIERE&nbsp;&raquo;<\/span><\/a><\/p>\n","protected":false},"author":4,"featured_media":57863,"comment_status":"open","ping_status":"open","sticky":false,"template":"","format":"standard","meta":{"footnotes":""},"categories":[272,1015,1014],"tags":[],"class_list":["post-57864","post","type-post","status-publish","format-standard","has-post-thumbnail","hentry","category-emissions-en-reecoute","category-en-direct-de","category-interviews"],"_links":{"self":[{"href":"https:\/\/www.radiobeton.com\/www\/wp-json\/wp\/v2\/posts\/57864","targetHints":{"allow":["GET"]}}],"collection":[{"href":"https:\/\/www.radiobeton.com\/www\/wp-json\/wp\/v2\/posts"}],"about":[{"href":"https:\/\/www.radiobeton.com\/www\/wp-json\/wp\/v2\/types\/post"}],"author":[{"embeddable":true,"href":"https:\/\/www.radiobeton.com\/www\/wp-json\/wp\/v2\/users\/4"}],"replies":[{"embeddable":true,"href":"https:\/\/www.radiobeton.com\/www\/wp-json\/wp\/v2\/comments?post=57864"}],"version-history":[{"count":1,"href":"https:\/\/www.radiobeton.com\/www\/wp-json\/wp\/v2\/posts\/57864\/revisions"}],"predecessor-version":[{"id":77961,"href":"https:\/\/www.radiobeton.com\/www\/wp-json\/wp\/v2\/posts\/57864\/revisions\/77961"}],"wp:featuredmedia":[{"embeddable":true,"href":"https:\/\/www.radiobeton.com\/www\/wp-json\/wp\/v2\/media\/57863"}],"wp:attachment":[{"href":"https:\/\/www.radiobeton.com\/www\/wp-json\/wp\/v2\/media?parent=57864"}],"wp:term":[{"taxonomy":"category","embeddable":true,"href":"https:\/\/www.radiobeton.com\/www\/wp-json\/wp\/v2\/categories?post=57864"},{"taxonomy":"post_tag","embeddable":true,"href":"https:\/\/www.radiobeton.com\/www\/wp-json\/wp\/v2\/tags?post=57864"}],"curies":[{"name":"wp","href":"https:\/\/api.w.org\/{rel}","templated":true}]}}