{"id":58410,"date":"2016-11-25T11:20:57","date_gmt":"2016-11-25T10:20:57","guid":{"rendered":"http:\/\/www.radiobeton.com\/wordpress\/?p=58410"},"modified":"2016-11-25T11:20:57","modified_gmt":"2016-11-25T10:20:57","slug":"premiere-emission-salon-de-pauvres","status":"publish","type":"post","link":"https:\/\/www.radiobeton.com\/www\/premiere-emission-salon-de-pauvres\/","title":{"rendered":"Premi\u00e8re \u00e9mission \u00ab\u00a0Salon de pauvres\u00a0\u00bb !"},"content":{"rendered":"<p>Le mardi 22 novembre, <strong>Salon de Pauvres<\/strong> s&rsquo;installait sur les ondes du 93.6 ! <\/p>\n<p>Comme le dit la <a href=\"https:\/\/www.facebook.com\/groups\/1209870202370841\/?fref=ts\">page facebook du groupe \u00ab\u00a0B\u00e9n\u00e9ficiaires du RSA, des gens comme les autres\u00a0\u00bb<\/a>, <em>il s&rsquo;agit de personnes allocataires du RSA qui se sont regroup\u00e9es pour faire conna\u00eetre leurs situations, leurs difficult\u00e9s et leurs projets afin de partager leurs exp\u00e9riences et de travailler ensemble sur diff\u00e9rentes th\u00e9matiques comme par exemple, la lutte contre la stigmatisation dont ils sont l&rsquo;objet de la part d&rsquo;une partie de la population et de certains services administratifs<\/em>.<\/p>\n<p>Cette \u00e9mission, mensuelle, reviendra tous les deuxi\u00e8mes mardi du mois sur Radio B\u00e9ton !<br \/>\nEt vous pouvez r\u00e9\u00e9couter la premi\u00e8re ci-dessous :<\/p>\n<p><iframe loading=\"lazy\" width=\"100%\" height=\"60\" src=\"https:\/\/www.mixcloud.com\/widget\/iframe\/?feed=https%3A%2F%2Fwww.mixcloud.com%2FBeton%2Fsalon-de-pauvres-1%25C3%25A8re-%25C3%25A9mission-radio-b%25C3%25A9ton%2F&#038;hide_cover=1&#038;mini=1&#038;hide_artwork=1\" frameborder=\"0\"><\/iframe><\/p>\n","protected":false},"excerpt":{"rendered":"<p>Le mardi 22 novembre, Salon de Pauvres s&rsquo;installait sur les ondes du 93.6 ! Comme le dit la page facebook du groupe \u00ab\u00a0B\u00e9n\u00e9ficiaires du RSA, des gens comme les autres\u00a0\u00bb, il s&rsquo;agit de personnes allocataires du RSA qui se sont regroup\u00e9es pour faire conna\u00eetre leurs situations, leurs difficult\u00e9s et leurs projets afin de partager leurs &hellip; <a href=\"https:\/\/www.radiobeton.com\/www\/premiere-emission-salon-de-pauvres\/\" class=\"more-link\">Continuer la lecture<span class=\"screen-reader-text\"> de &laquo;&nbsp;Premi\u00e8re \u00e9mission \u00ab\u00a0Salon de pauvres\u00a0\u00bb !&nbsp;&raquo;<\/span><\/a><\/p>\n","protected":false},"author":4,"featured_media":0,"comment_status":"open","ping_status":"open","sticky":false,"template":"","format":"standard","meta":{"footnotes":""},"categories":[306],"tags":[],"class_list":["post-58410","post","type-post","status-publish","format-standard","hentry","category-salon-de-pauvres"],"_links":{"self":[{"href":"https:\/\/www.radiobeton.com\/www\/wp-json\/wp\/v2\/posts\/58410","targetHints":{"allow":["GET"]}}],"collection":[{"href":"https:\/\/www.radiobeton.com\/www\/wp-json\/wp\/v2\/posts"}],"about":[{"href":"https:\/\/www.radiobeton.com\/www\/wp-json\/wp\/v2\/types\/post"}],"author":[{"embeddable":true,"href":"https:\/\/www.radiobeton.com\/www\/wp-json\/wp\/v2\/users\/4"}],"replies":[{"embeddable":true,"href":"https:\/\/www.radiobeton.com\/www\/wp-json\/wp\/v2\/comments?post=58410"}],"version-history":[{"count":0,"href":"https:\/\/www.radiobeton.com\/www\/wp-json\/wp\/v2\/posts\/58410\/revisions"}],"wp:attachment":[{"href":"https:\/\/www.radiobeton.com\/www\/wp-json\/wp\/v2\/media?parent=58410"}],"wp:term":[{"taxonomy":"category","embeddable":true,"href":"https:\/\/www.radiobeton.com\/www\/wp-json\/wp\/v2\/categories?post=58410"},{"taxonomy":"post_tag","embeddable":true,"href":"https:\/\/www.radiobeton.com\/www\/wp-json\/wp\/v2\/tags?post=58410"}],"curies":[{"name":"wp","href":"https:\/\/api.w.org\/{rel}","templated":true}]}}