{"id":76669,"date":"2019-03-25T17:49:05","date_gmt":"2019-03-25T16:49:05","guid":{"rendered":"http:\/\/www.radiobeton.com\/www\/?p=76669"},"modified":"2019-03-25T17:50:48","modified_gmt":"2019-03-25T16:50:48","slug":"the-psychotic-monks-private-meaning-first","status":"publish","type":"post","link":"https:\/\/www.radiobeton.com\/www\/the-psychotic-monks-private-meaning-first\/","title":{"rendered":"THE PSYCHOTIC MONKS &#8211; Private Meaning First"},"content":{"rendered":"<p>Il existe de rares groupes qui vous saisissent, vous happent, jusqu\u2019\u00e0 vous emmener au plus profond de ce que vous pouvez \u00eatre. <strong>The Psychotic Monks <\/strong> en est certainement l\u2019un des exemples les plus probants.<\/p>\n<p><img loading=\"lazy\" decoding=\"async\" class=\"size-full wp-image-76670 aligncenter\" src=\"http:\/\/www.radiobeton.com\/www\/wp-content\/uploads\/2019\/03\/the-psyc5902-md-img.jpg\" alt=\"\" width=\"599\" height=\"387\" srcset=\"https:\/\/www.radiobeton.com\/www\/wp-content\/uploads\/2019\/03\/the-psyc5902-md-img.jpg 599w, https:\/\/www.radiobeton.com\/www\/wp-content\/uploads\/2019\/03\/the-psyc5902-md-img-300x194.jpg 300w\" sizes=\"auto, (max-width: 599px) 85vw, 599px\" \/><\/p>\n<p>Le quatuor fait para\u00eetre ce vendredi 29 Mars son deuxi\u00e8me album <em>Private Meaning First. <\/em> Telle la Bande Originale d\u2019un monde o\u00f9 tout va \u00e0 vau-l\u2019eau, nous faisons face \u00e0 9 titres repartis en 2 chapitres et un \u00e9pilogue. Les quatre parisiens nous englobe dans une douceur apaisante pour mieux nous confronter \u00e0 une d\u00e9sillusion contemporaine. Une dualit\u00e9 entre pulsion vie et pulsion de mort. A travers une \u00e9nergie jouissive, progressive, envoutante voire chamanique, cet album est un v\u00e9ritable exutoire nous permettant d\u2019appr\u00e9hender de mani\u00e8re plus paisible le monde qui nous entoure.<\/p>\n<p><iframe loading=\"lazy\" src=\"https:\/\/www.youtube.com\/embed\/LZqZ1vDDbZw\" width=\"560\" height=\"315\" frameborder=\"0\" allowfullscreen=\"allowfullscreen\"><\/iframe><\/p>\n<p>Nous pourrions \u00e9voquer diverses \u00e9tiquettes musicales pour d\u00e9finir le style des <strong>Psychotic Monks , <\/strong> tels que Post-Rock, Post-Punk, Noise, Garage encore Stoner tant tous ces styles s\u2019entrem\u00ealent dans les structures de leurs morceaux. Ce qui les caract\u00e9rise le mieux est peut-\u00eatre \u00ab\u00a0Musique contemplative nihiliste\u00a0\u00bb<\/p>\n<p><iframe loading=\"lazy\" src=\"https:\/\/www.youtube.com\/embed\/2OctU2f308c\" width=\"560\" height=\"315\" frameborder=\"0\" allowfullscreen=\"allowfullscreen\"><\/iframe><\/p>\n<p><em> Private Meaning First <\/em>para\u00eet chez\u00a0<strong>Vicious Circle<\/strong>, une tr\u00e8s belle signature pour le label Bordelais qui ne cesse de nourrir son catalogue de tr\u00e8s belle s\u00e9lection artistique. L\u2019on y retrouve entre autres <strong>Lysistrata, It It Anita, Mansfiel.TYA, Troy Von Balthazar, etc\u2026 <\/strong>Un label que nous vous conseillerons vivement de suivre par cette occasion.<\/p>\n<p>&nbsp;<\/p>\n<p><strong>The Psychotic Monks<br \/>\n<\/strong><em>Private Meaning First<\/em><\/p>\n<p>Sortie le 29 Mars 2019 chez\u00a0<strong>Vicious Circle<\/strong><\/p>\n<p><img loading=\"lazy\" decoding=\"async\" class=\"size-full wp-image-76671 aligncenter\" src=\"http:\/\/www.radiobeton.com\/www\/wp-content\/uploads\/2019\/03\/private.jpg\" alt=\"\" width=\"320\" height=\"320\" srcset=\"https:\/\/www.radiobeton.com\/www\/wp-content\/uploads\/2019\/03\/private.jpg 320w, https:\/\/www.radiobeton.com\/www\/wp-content\/uploads\/2019\/03\/private-150x150.jpg 150w, https:\/\/www.radiobeton.com\/www\/wp-content\/uploads\/2019\/03\/private-300x300.jpg 300w\" sizes=\"auto, (max-width: 320px) 85vw, 320px\" \/><\/p>\n","protected":false},"excerpt":{"rendered":"<p>Il existe de rares groupes qui vous saisissent, vous happent, jusqu\u2019\u00e0 vous emmener au plus profond de ce que vous pouvez \u00eatre. The Psychotic Monks en est certainement l\u2019un des exemples les plus probants. Le quatuor fait para\u00eetre ce vendredi 29 Mars son deuxi\u00e8me album Private Meaning First. Telle la Bande Originale d\u2019un monde o\u00f9 &hellip; <a href=\"https:\/\/www.radiobeton.com\/www\/the-psychotic-monks-private-meaning-first\/\" class=\"more-link\">Continuer la lecture<span class=\"screen-reader-text\"> de &laquo;&nbsp;THE PSYCHOTIC MONKS &#8211; Private Meaning First&nbsp;&raquo;<\/span><\/a><\/p>\n","protected":false},"author":18,"featured_media":76671,"comment_status":"open","ping_status":"open","sticky":false,"template":"","format":"standard","meta":{"footnotes":""},"categories":[196],"tags":[],"class_list":["post-76669","post","type-post","status-publish","format-standard","has-post-thumbnail","hentry","category-le-disque-de-la-semaine"],"_links":{"self":[{"href":"https:\/\/www.radiobeton.com\/www\/wp-json\/wp\/v2\/posts\/76669","targetHints":{"allow":["GET"]}}],"collection":[{"href":"https:\/\/www.radiobeton.com\/www\/wp-json\/wp\/v2\/posts"}],"about":[{"href":"https:\/\/www.radiobeton.com\/www\/wp-json\/wp\/v2\/types\/post"}],"author":[{"embeddable":true,"href":"https:\/\/www.radiobeton.com\/www\/wp-json\/wp\/v2\/users\/18"}],"replies":[{"embeddable":true,"href":"https:\/\/www.radiobeton.com\/www\/wp-json\/wp\/v2\/comments?post=76669"}],"version-history":[{"count":2,"href":"https:\/\/www.radiobeton.com\/www\/wp-json\/wp\/v2\/posts\/76669\/revisions"}],"predecessor-version":[{"id":76673,"href":"https:\/\/www.radiobeton.com\/www\/wp-json\/wp\/v2\/posts\/76669\/revisions\/76673"}],"wp:featuredmedia":[{"embeddable":true,"href":"https:\/\/www.radiobeton.com\/www\/wp-json\/wp\/v2\/media\/76671"}],"wp:attachment":[{"href":"https:\/\/www.radiobeton.com\/www\/wp-json\/wp\/v2\/media?parent=76669"}],"wp:term":[{"taxonomy":"category","embeddable":true,"href":"https:\/\/www.radiobeton.com\/www\/wp-json\/wp\/v2\/categories?post=76669"},{"taxonomy":"post_tag","embeddable":true,"href":"https:\/\/www.radiobeton.com\/www\/wp-json\/wp\/v2\/tags?post=76669"}],"curies":[{"name":"wp","href":"https:\/\/api.w.org\/{rel}","templated":true}]}}