{"id":76921,"date":"2019-03-25T13:59:35","date_gmt":"2019-03-25T12:59:35","guid":{"rendered":"http:\/\/www.radiobeton.com\/www\/?p=76921"},"modified":"2019-04-28T21:33:37","modified_gmt":"2019-04-28T19:33:37","slug":"retour-sur-direct-du-festival-wet-4-part-ii","status":"publish","type":"post","link":"https:\/\/www.radiobeton.com\/www\/retour-sur-direct-du-festival-wet-4-part-ii\/","title":{"rendered":"[RETOUR SUR] DIRECT DU FESTIVAL WET\u00b0 #4 (PART. II)"},"content":{"rendered":"<p>Chaque printemps rena\u00eet le <strong>WET\u00b0<\/strong>, festival de jeune cr\u00e9ation programm\u00e9 par de jeunes cr\u00e9ateurs.<br \/>\nTout au long de l\u2019ann\u00e9e les com\u00e9dien\u00b7ne\u00b7s de l\u2019ensemble artistique du <strong>Centre dramatique national de Tours \u2013 Th\u00e9\u00e2tre Olympia<\/strong> sillonnent l\u2019hexagone \u00e0 la d\u00e9couverte des artistes de leur g\u00e9n\u00e9ration.<\/p>\n<p>Retour sur le direct qui se tenait le Samedi 23 Mars un plateau commun avec\u00a0<strong>Radio B\u00e9ton\u00a0<\/strong>et\u00a0<strong>Radio Campus Tours.<\/strong><\/p>\n<p>Dans cette deuxi\u00e8me partie, l&rsquo;\u00e9quipe recevait:<\/p>\n<ul>\n<li><strong>Barbara ATLAN<\/strong> et <strong>Vanessa BILE AUDOUARD\u00a0<\/strong>pour\u00a0<em>Chantal, Le Grand Chelem<\/em><\/li>\n<li>Le Collectif <strong>Animal Architecte<\/strong> en la pr\u00e9sence de\u00a0\u00a0<strong>C<\/strong><strong>amille DAGEN<\/strong>\u00a0et<strong> Valentin\u00a0<\/strong>pour <em>Dur\u00e9e D&rsquo;exposition<\/em><\/li>\n<li><strong>Blanche, Kelly <\/strong>et<strong> Anthony<\/strong> , 3 des membres de l&rsquo;ensemble artistique<\/li>\n<\/ul>\n<p><iframe loading=\"lazy\" src=\"https:\/\/www.mixcloud.com\/widget\/iframe\/?hide_cover=1&amp;mini=1&amp;light=1&amp;feed=%2FBeton%2Frew-direct-du-festival-wet-partii%2F\" width=\"100%\" height=\"60\" frameborder=\"0\"><\/iframe><\/p>\n","protected":false},"excerpt":{"rendered":"<p>Chaque printemps rena\u00eet le WET\u00b0, festival de jeune cr\u00e9ation programm\u00e9 par de jeunes cr\u00e9ateurs. Tout au long de l\u2019ann\u00e9e les com\u00e9dien\u00b7ne\u00b7s de l\u2019ensemble artistique du Centre dramatique national de Tours \u2013 Th\u00e9\u00e2tre Olympia sillonnent l\u2019hexagone \u00e0 la d\u00e9couverte des artistes de leur g\u00e9n\u00e9ration. Retour sur le direct qui se tenait le Samedi 23 Mars un &hellip; <a href=\"https:\/\/www.radiobeton.com\/www\/retour-sur-direct-du-festival-wet-4-part-ii\/\" class=\"more-link\">Continuer la lecture<span class=\"screen-reader-text\"> de &laquo;&nbsp;[RETOUR SUR] DIRECT DU FESTIVAL WET\u00b0 #4 (PART. II)&nbsp;&raquo;<\/span><\/a><\/p>\n","protected":false},"author":18,"featured_media":76919,"comment_status":"open","ping_status":"open","sticky":false,"template":"","format":"standard","meta":{"footnotes":""},"categories":[272,1015,256],"tags":[],"class_list":["post-76921","post","type-post","status-publish","format-standard","has-post-thumbnail","hentry","category-emissions-en-reecoute","category-en-direct-de","category-studio-mobile"],"_links":{"self":[{"href":"https:\/\/www.radiobeton.com\/www\/wp-json\/wp\/v2\/posts\/76921","targetHints":{"allow":["GET"]}}],"collection":[{"href":"https:\/\/www.radiobeton.com\/www\/wp-json\/wp\/v2\/posts"}],"about":[{"href":"https:\/\/www.radiobeton.com\/www\/wp-json\/wp\/v2\/types\/post"}],"author":[{"embeddable":true,"href":"https:\/\/www.radiobeton.com\/www\/wp-json\/wp\/v2\/users\/18"}],"replies":[{"embeddable":true,"href":"https:\/\/www.radiobeton.com\/www\/wp-json\/wp\/v2\/comments?post=76921"}],"version-history":[{"count":2,"href":"https:\/\/www.radiobeton.com\/www\/wp-json\/wp\/v2\/posts\/76921\/revisions"}],"predecessor-version":[{"id":76923,"href":"https:\/\/www.radiobeton.com\/www\/wp-json\/wp\/v2\/posts\/76921\/revisions\/76923"}],"wp:featuredmedia":[{"embeddable":true,"href":"https:\/\/www.radiobeton.com\/www\/wp-json\/wp\/v2\/media\/76919"}],"wp:attachment":[{"href":"https:\/\/www.radiobeton.com\/www\/wp-json\/wp\/v2\/media?parent=76921"}],"wp:term":[{"taxonomy":"category","embeddable":true,"href":"https:\/\/www.radiobeton.com\/www\/wp-json\/wp\/v2\/categories?post=76921"},{"taxonomy":"post_tag","embeddable":true,"href":"https:\/\/www.radiobeton.com\/www\/wp-json\/wp\/v2\/tags?post=76921"}],"curies":[{"name":"wp","href":"https:\/\/api.w.org\/{rel}","templated":true}]}}