{"id":81453,"date":"2019-09-19T15:38:28","date_gmt":"2019-09-19T13:38:28","guid":{"rendered":"http:\/\/www.radiobeton.com\/www\/?p=81453"},"modified":"2019-10-07T11:20:36","modified_gmt":"2019-10-07T09:20:36","slug":"festivalcinemadailleurs","status":"publish","type":"post","link":"https:\/\/www.radiobeton.com\/www\/festivalcinemadailleurs\/","title":{"rendered":"Festival Cin\u00e9ma d&rsquo;Ailleurs, la rencontre."},"content":{"rendered":"<p>Le cin\u00e9ma Le Rabelais vous invite cette ann\u00e9e du 25 au 29 septembre 2019 \u00e0 <em>\u00ab Partir \u00bb<\/em>\u2026 Partir \u00e0 la d\u00e9couverte de la 12\u00e8me \u00e9dition du festival Cin\u00e9ma d&rsquo;ici et d&rsquo;ailleurs port\u00e9e par une programmation riche de diversit\u00e9.<\/p>\n<p>Ce festival sera l&rsquo;occasion de d\u00e9couvrir des itin\u00e9raires d&rsquo;hommes et de femmes qui, \u00e0 un moment de leur vie, ont tout quitt\u00e9 pour prendre un nouveau d\u00e9part. Partir ensemble ou en solitaire avec ses r\u00eaves en bandouli\u00e8re, exils contraints ou volontaires\u2026<\/p>\n<p><iframe loading=\"lazy\" src=\"https:\/\/www.mixcloud.com\/widget\/iframe\/?hide_cover=1&amp;light=1&amp;feed=%2FBeton%2Fitw-cinema-dailleurs%2F\" width=\"100%\" height=\"120\" frameborder=\"0\"><\/iframe><\/p>\n<p><strong>Pass pour 4 films : 18\u20ac<\/strong><br \/>\n<strong>Pique nique festivalier (sur reservation) le dimanche midi.<\/strong><br \/>\n<strong>Cin\u00e9ma Le Rabelais \u2013 Chinon<\/strong><\/p>\n<p>La programmation en d\u00e9tail est \u00e0 t\u00e9l\u00e9charger <a href=\"https:\/\/www.centraider.org\/wp-content\/uploads\/sites\/3\/2019\/09\/Programme-Cin-2019-Chinon.pdf\">ICI<\/a>.<\/p>\n","protected":false},"excerpt":{"rendered":"<p>Le cin\u00e9ma Le Rabelais vous invite cette ann\u00e9e du 25 au 29 septembre 2019 \u00e0 \u00ab Partir \u00bb\u2026 Partir \u00e0 la d\u00e9couverte de la 12\u00e8me \u00e9dition du festival Cin\u00e9ma d&rsquo;ici et d&rsquo;ailleurs port\u00e9e par une programmation riche de diversit\u00e9. Ce festival sera l&rsquo;occasion de d\u00e9couvrir des itin\u00e9raires d&rsquo;hommes et de femmes qui, \u00e0 un moment &hellip; <a href=\"https:\/\/www.radiobeton.com\/www\/festivalcinemadailleurs\/\" class=\"more-link\">Continuer la lecture<span class=\"screen-reader-text\"> de &laquo;&nbsp;Festival Cin\u00e9ma d&rsquo;Ailleurs, la rencontre.&nbsp;&raquo;<\/span><\/a><\/p>\n","protected":false},"author":4,"featured_media":81454,"comment_status":"open","ping_status":"open","sticky":false,"template":"","format":"standard","meta":{"footnotes":""},"categories":[272,1014],"tags":[1159,682,1160],"class_list":["post-81453","post","type-post","status-publish","format-standard","has-post-thumbnail","hentry","category-emissions-en-reecoute","category-interviews","tag-cinema","tag-france","tag-partir"],"_links":{"self":[{"href":"https:\/\/www.radiobeton.com\/www\/wp-json\/wp\/v2\/posts\/81453","targetHints":{"allow":["GET"]}}],"collection":[{"href":"https:\/\/www.radiobeton.com\/www\/wp-json\/wp\/v2\/posts"}],"about":[{"href":"https:\/\/www.radiobeton.com\/www\/wp-json\/wp\/v2\/types\/post"}],"author":[{"embeddable":true,"href":"https:\/\/www.radiobeton.com\/www\/wp-json\/wp\/v2\/users\/4"}],"replies":[{"embeddable":true,"href":"https:\/\/www.radiobeton.com\/www\/wp-json\/wp\/v2\/comments?post=81453"}],"version-history":[{"count":2,"href":"https:\/\/www.radiobeton.com\/www\/wp-json\/wp\/v2\/posts\/81453\/revisions"}],"predecessor-version":[{"id":81456,"href":"https:\/\/www.radiobeton.com\/www\/wp-json\/wp\/v2\/posts\/81453\/revisions\/81456"}],"wp:featuredmedia":[{"embeddable":true,"href":"https:\/\/www.radiobeton.com\/www\/wp-json\/wp\/v2\/media\/81454"}],"wp:attachment":[{"href":"https:\/\/www.radiobeton.com\/www\/wp-json\/wp\/v2\/media?parent=81453"}],"wp:term":[{"taxonomy":"category","embeddable":true,"href":"https:\/\/www.radiobeton.com\/www\/wp-json\/wp\/v2\/categories?post=81453"},{"taxonomy":"post_tag","embeddable":true,"href":"https:\/\/www.radiobeton.com\/www\/wp-json\/wp\/v2\/tags?post=81453"}],"curies":[{"name":"wp","href":"https:\/\/api.w.org\/{rel}","templated":true}]}}