{"id":92834,"date":"2020-10-11T13:21:01","date_gmt":"2020-10-11T11:21:01","guid":{"rendered":"https:\/\/www.radiobeton.com\/www\/?p=92834"},"modified":"2023-07-25T08:42:14","modified_gmt":"2023-07-25T06:42:14","slug":"say-it-loud-premiere","status":"publish","type":"post","link":"https:\/\/www.radiobeton.com\/www\/say-it-loud-premiere\/","title":{"rendered":"SAY IT LOUD PREMIERE"},"content":{"rendered":"<p>Hello Hello!<\/p>\n<p>Et ben voil\u00e0, mon premier direct comme animatrice radio, et la premi\u00e8re de Say It Loud c&rsquo;\u00e9tait mardi dernier \u00e0 20h. Je sais pas vous, mais moi, j&rsquo;ai trop kiff\u00e9.<\/p>\n<p>Pour ceux qui ont loup\u00e9, vous pouvez \u00e9couter ici: https:\/\/www.mixcloud.com\/SoketteSurBeton\/say-it-loud-premiere-lirlande-volet-1-06-10-20\/<\/p>\n<p>Je vous redonne ici la playlist de ce que j&rsquo;ai pass\u00e9, notamment si vous voulez aller voir les textes d&rsquo;un peu plus pr\u00e8s.<\/p>\n<ul>\n<li><em>A nation once again\u00a0<\/em>&#8211; The Dubliners<\/li>\n<li><em>Grace<\/em>&#8211; The Dubliners<\/li>\n<li><em>The Foggy Dew<\/em> &#8211; The Chieftains avec Sinead O&rsquo;Connor<\/li>\n<li><em>Come out you black and tans<\/em>&#8211; The Wolfe Tones<\/li>\n<li><em>Building up and tearing England down<\/em>&#8211; Franck Harte<\/li>\n<li><em>Sunday Bloody Sunday\u00a0<\/em> &#8211; U2<\/li>\n<li><em>This is a rebel song\u00a0<\/em> &#8211; Sinead O&rsquo;Connor<\/li>\n<li><em>Zombie<\/em>&#8211; Cranberries<\/li>\n<li><em>The streets of sorrow \/ The Birmingham Six<\/em>&#8211; The Pogues<\/li>\n<\/ul>\n<p>Rdv le mardi 20 octobre, pour la deuxi\u00e8me sur l&rsquo;Irlande, avant de partir en Am\u00e9rique du Sud le mois prochain!<\/p>\n<p style=\"text-align: right\">Sokette<\/p>\n","protected":false},"excerpt":{"rendered":"<p>Hello Hello! Et ben voil\u00e0, mon premier direct comme animatrice radio, et la premi\u00e8re de Say It Loud c&rsquo;\u00e9tait mardi dernier \u00e0 20h. Je sais pas vous, mais moi, j&rsquo;ai trop kiff\u00e9. Pour ceux qui ont loup\u00e9, vous pouvez \u00e9couter ici: https:\/\/www.mixcloud.com\/SoketteSurBeton\/say-it-loud-premiere-lirlande-volet-1-06-10-20\/ Je vous redonne ici la playlist de ce que j&rsquo;ai pass\u00e9, notamment si &hellip; <a href=\"https:\/\/www.radiobeton.com\/www\/say-it-loud-premiere\/\" class=\"more-link\">Continuer la lecture<span class=\"screen-reader-text\"> de &laquo;&nbsp;SAY IT LOUD PREMIERE&nbsp;&raquo;<\/span><\/a><\/p>\n","protected":false},"author":40,"featured_media":0,"comment_status":"closed","ping_status":"closed","sticky":false,"template":"","format":"standard","meta":{"footnotes":""},"categories":[1728,1320],"tags":[],"class_list":["post-92834","post","type-post","status-publish","format-standard","hentry","category-les-emissions-benevoles","category-say-it-loud"],"_links":{"self":[{"href":"https:\/\/www.radiobeton.com\/www\/wp-json\/wp\/v2\/posts\/92834","targetHints":{"allow":["GET"]}}],"collection":[{"href":"https:\/\/www.radiobeton.com\/www\/wp-json\/wp\/v2\/posts"}],"about":[{"href":"https:\/\/www.radiobeton.com\/www\/wp-json\/wp\/v2\/types\/post"}],"author":[{"embeddable":true,"href":"https:\/\/www.radiobeton.com\/www\/wp-json\/wp\/v2\/users\/40"}],"replies":[{"embeddable":true,"href":"https:\/\/www.radiobeton.com\/www\/wp-json\/wp\/v2\/comments?post=92834"}],"version-history":[{"count":4,"href":"https:\/\/www.radiobeton.com\/www\/wp-json\/wp\/v2\/posts\/92834\/revisions"}],"predecessor-version":[{"id":92839,"href":"https:\/\/www.radiobeton.com\/www\/wp-json\/wp\/v2\/posts\/92834\/revisions\/92839"}],"wp:attachment":[{"href":"https:\/\/www.radiobeton.com\/www\/wp-json\/wp\/v2\/media?parent=92834"}],"wp:term":[{"taxonomy":"category","embeddable":true,"href":"https:\/\/www.radiobeton.com\/www\/wp-json\/wp\/v2\/categories?post=92834"},{"taxonomy":"post_tag","embeddable":true,"href":"https:\/\/www.radiobeton.com\/www\/wp-json\/wp\/v2\/tags?post=92834"}],"curies":[{"name":"wp","href":"https:\/\/api.w.org\/{rel}","templated":true}]}}